[{"@context":"https:\/\/schema.org\/","@type":"Article","@id":"https:\/\/www.t3m.sk\/program-politickej-strany\/#Article","mainEntityOfPage":"https:\/\/www.t3m.sk\/program-politickej-strany\/","headline":"Program politickej strany","name":"Program politickej strany","description":"Zvolebnieva sa n\u00e1m a v tomto \u010dase je na\u0161ej politickej sc\u00e9ne neskuto\u010dn\u00e9 mno\u017estvo str\u00e1n, \u201estr\u00e1ni\u010diek\u201c, ktor\u00e9 sa uch\u00e1dzaj\u00fa o na\u0161u d\u00f4veru. Norm\u00e1lnym by bolo, ak","datePublished":"2020-02-07","dateModified":"2023-04-27","author":{"@type":"Person","@id":"https:\/\/www.t3m.sk\/author\/#Person","name":"","url":"https:\/\/www.t3m.sk\/author\/","identifier":1,"image":{"@type":"ImageObject","@id":"https:\/\/secure.gravatar.com\/avatar\/d6cba3ab97c30e0df0e32548954cb6b1550f4672bd3a4687bf1118b122d757e8?s=96&d=mm&r=g","url":"https:\/\/secure.gravatar.com\/avatar\/d6cba3ab97c30e0df0e32548954cb6b1550f4672bd3a4687bf1118b122d757e8?s=96&d=mm&r=g","height":96,"width":96}},"publisher":{"@type":"Organization","name":"t3m.sk","logo":{"@type":"ImageObject","@id":"\/logo.png","url":"\/logo.png","width":600,"height":60}},"image":{"@type":"ImageObject","@id":"https:\/\/www.t3m.sk\/wp-content\/uploads\/img_a310262_w16905_t1582555771.png","url":"https:\/\/www.t3m.sk\/wp-content\/uploads\/img_a310262_w16905_t1582555771.png","height":0,"width":0},"url":"https:\/\/www.t3m.sk\/program-politickej-strany\/","about":["Politika"],"wordCount":408,"articleBody":"Zvolebnieva sa n\u00e1m a v tomto \u010dase je na\u0161ej politickej sc\u00e9ne neskuto\u010dn\u00e9 mno\u017estvo str\u00e1n, \u201estr\u00e1ni\u010diek\u201c, ktor\u00e9 sa uch\u00e1dzaj\u00fa o na\u0161u d\u00f4veru.  Norm\u00e1lnym by bolo, ak by sme ich mali 5-6 ! Ale kde\u017ee ! Ambici\u00f3zni politici, ktor\u00fdm sa prisnilo, \u017ee v p\u00f4vodnej strane si ich pr\u00e1cu nev\u00e1\u017eia nato\u013eko, aby si ich zvolili na popredn\u00e9 miesta kandid\u00e1tky, alebo do \u0161trukt\u00far strany si zakladaj\u00fa ka\u017ed\u00fdm rokom politick\u00fa stranu. Je to divadielko smie\u0161ne a nepochopite\u013en\u00e9 ! Rovnako nepochopite\u013en\u00fdm je aj to, ak \u010dlovek, ktor\u00fd bol v najvy\u0161\u0161ej funkcii- v \u00falohe prezidenta- a tam urobil iba pram\u00e1lo, ak v\u00f4bec nie\u010do- m\u00e1 zrazu amb\u00edciu by\u0165 predsedom strany a prirodzene aj premi\u00e9rom. Netaj\u00edm sa t\u00fdm, \u017ee tejto strane prajem pobyt pred dverami parlamentu. Patr\u00edm k voli\u010dom, ktor\u00ed ob\u010das \u010d\u00edtaj\u00fa aj program politickej strany, ktor\u00e1 sa uch\u00e1dza o na\u0161u priaze\u0148. V\u00e4\u010d\u0161ina voli\u010dov asi nie ! Inak by sa nemohlo sta\u0165, \u017ee strana Most-H\u00edd stratila mno\u017estvo voli\u010dov aj napriek tomu, \u017ee splnila takmer v\u0161etko, \u010do \u013eu\u010fom s\u013e\u00fabila! \u010co splnili SaS, O\u013dANO,KDH a strana Dzurindu, ke\u010f boli pri moci ? Ni\u010d, alebo iba m\u00e1lo- rozha\u0161terili sa podstatne sk\u00f4r, ako mohli \u010doko\u013evek z programov splni\u0165. \u010cudujeme sa, \u017ee SMER chce op\u00e4\u0165 vyhra\u0165 vo\u013eby ? No ne\u010dudujme sa- d\u00f4sledne pln\u00ed program ku ktor\u00e9mu sa zaviazal a je vlastne jedinou relevantnou stranou od stredu v\u013eavo ! Niet divu, \u017ee porazi\u0165 t\u00fato stranu je mo\u017en\u00e9 iba vytvoren\u00edm lep\u0161ej strany s podobn\u00fdm programom. Po moci t\u00fa\u017eiaci politici si vymysleli PS. Zasmejme sa nad touto alternat\u00edvou pod veden\u00edm propag\u00e1tora omamn\u00fdch l\u00e1tok na \u0161kol\u00e1ch ! Myslia to v\u00f4bec v\u00e1\u017ene, \u017ee voli\u010d Smeru by mal by\u0165 hl\u00fapym a pon\u00faknu\u0165 pre svoje deti t\u00fato alternat\u00edvu ? Spojenie s Beblav\u00fdm, ktor\u00fd u\u017e je desiatky rokov v politike a e\u0161te ho nikto neurobil ministrom mi pr\u00edde smie\u0161ne. Nov\u00e9 tv\u00e1re !\u017deby \u013eudia naozaj stratili pam\u00e4\u0165 ?  Neverte tomu ! Jedine seri\u00f3zna strana s dobr\u00fdm programom a s predstavite\u013emi bez masla na hlave by h\u00e1dam mala \u0161ancu uspie\u0165. Pre m\u0148a je ale lep\u0161ia istota -ako s\u013euby -alebo ako extr\u00e9mizmus !                                                                                                                                                                                                                                                                                                                                                                                         4.5\/5 - (11 votes)        "},{"@context":"https:\/\/schema.org\/","@type":"BreadcrumbList","itemListElement":[{"@type":"ListItem","position":1,"name":"Program politickej strany","item":"https:\/\/www.t3m.sk\/program-politickej-strany\/#breadcrumbitem"}]}]